{"id":4699,"date":"2024-03-25T09:33:16","date_gmt":"2024-03-25T08:33:16","guid":{"rendered":"https:\/\/ecolestjean85160.fr\/?p=4699"},"modified":"2024-03-28T12:14:08","modified_gmt":"2024-03-28T11:14:08","slug":"notre-carnaval-2024-haut-en-couleurs","status":"publish","type":"post","link":"https:\/\/ecolestjean85160.fr\/index.php\/2024\/03\/25\/notre-carnaval-2024-haut-en-couleurs\/","title":{"rendered":"Notre carnaval 2024 haut en couleurs!"},"content":{"rendered":"\n<p>Vendredi 22 mars, c&rsquo;est sous le soleil que toute l&rsquo;\u00e9cole a pu d\u00e9ambuler dans les rues de Saint Jean de Monts, au rythme des percussions. Deux danseuses br\u00e9siliennes ont \u00e9galement anim\u00e9 notre d\u00e9fil\u00e9 aux couleurs olympiques et tropicales ! Notre carnaval s&rsquo;est termin\u00e9 dans la cour de l&rsquo;\u00e9cole o\u00f9 enfants et parents ont pu d\u00e9guster de d\u00e9licieuses cr\u00eapes r\u00e9alis\u00e9es dans les classes le matin. <\/p>\n\n\n\n<p>Revivez le carnaval en musique ICI:<\/p>\n\n\n\n<figure class=\"wp-block-video\"><video height=\"720\" style=\"aspect-ratio: 1280 \/ 720;\" width=\"1280\" controls src=\"https:\/\/ecolestjean85160.fr\/wp-content\/uploads\/2024\/03\/Carnaval-22-mars-2024.mp4\"><\/video><\/figure>\n","protected":false},"excerpt":{"rendered":"<p>Vendredi 22 mars, c&rsquo;est sous le soleil que toute l&rsquo;\u00e9cole a pu d\u00e9ambuler dans les rues de Saint Jean de Monts, au rythme des percussions. Deux danseuses br\u00e9siliennes ont \u00e9galement&#8230;<\/p>\n","protected":false},"author":37,"featured_media":4701,"comment_status":"open","ping_status":"open","sticky":false,"template":"","format":"standard","meta":{"footnotes":""},"categories":[26],"tags":[],"class_list":["post-4699","post","type-post","status-publish","format-standard","has-post-thumbnail","hentry","category-2023-2024"],"_links":{"self":[{"href":"https:\/\/ecolestjean85160.fr\/index.php\/wp-json\/wp\/v2\/posts\/4699","targetHints":{"allow":["GET"]}}],"collection":[{"href":"https:\/\/ecolestjean85160.fr\/index.php\/wp-json\/wp\/v2\/posts"}],"about":[{"href":"https:\/\/ecolestjean85160.fr\/index.php\/wp-json\/wp\/v2\/types\/post"}],"author":[{"embeddable":true,"href":"https:\/\/ecolestjean85160.fr\/index.php\/wp-json\/wp\/v2\/users\/37"}],"replies":[{"embeddable":true,"href":"https:\/\/ecolestjean85160.fr\/index.php\/wp-json\/wp\/v2\/comments?post=4699"}],"version-history":[{"count":2,"href":"https:\/\/ecolestjean85160.fr\/index.php\/wp-json\/wp\/v2\/posts\/4699\/revisions"}],"predecessor-version":[{"id":4703,"href":"https:\/\/ecolestjean85160.fr\/index.php\/wp-json\/wp\/v2\/posts\/4699\/revisions\/4703"}],"wp:featuredmedia":[{"embeddable":true,"href":"https:\/\/ecolestjean85160.fr\/index.php\/wp-json\/wp\/v2\/media\/4701"}],"wp:attachment":[{"href":"https:\/\/ecolestjean85160.fr\/index.php\/wp-json\/wp\/v2\/media?parent=4699"}],"wp:term":[{"taxonomy":"category","embeddable":true,"href":"https:\/\/ecolestjean85160.fr\/index.php\/wp-json\/wp\/v2\/categories?post=4699"},{"taxonomy":"post_tag","embeddable":true,"href":"https:\/\/ecolestjean85160.fr\/index.php\/wp-json\/wp\/v2\/tags?post=4699"}],"curies":[{"name":"wp","href":"https:\/\/api.w.org\/{rel}","templated":true}]}}