{"id":3966,"date":"2023-11-03T22:00:09","date_gmt":"2023-11-03T21:00:09","guid":{"rendered":"https:\/\/ecolesaintjeandemonts.fr\/?p=3966"},"modified":"2023-12-15T11:49:27","modified_gmt":"2023-12-15T10:49:27","slug":"les-eleves-de-maternelle-participent-aux-enfantines","status":"publish","type":"post","link":"https:\/\/ecolestjean85160.fr\/index.php\/2023\/11\/03\/les-eleves-de-maternelle-participent-aux-enfantines\/","title":{"rendered":"Les \u00e9l\u00e8ves de maternelle participent aux &lsquo;Enfantines&rsquo;"},"content":{"rendered":"\r\n<p>En octobre, les \u00e9l\u00e8ves de maternelle ont pu participer au parcours des \u00ab\u00a0<strong>Enfantines<\/strong>\u00a0\u00bb propos\u00e9 par la Communaut\u00e9 de Communes. Cette ann\u00e9e, le parcours avait pour th\u00e8me le mouvement et il s\u2019est d\u00e9roul\u00e9 en 3 \u00e9tapes.<\/p>\r\n\r\n\r\n\r\n<p>Nous sommes d&rsquo;abord all\u00e9s \u00e0 la\u00a0<strong>m\u00e9diath\u00e8que<\/strong>\u00a0pour \u00e9couter les cinq histoires du prix des Enfantines. A l\u2019issue de cette s\u00e9ance, nous avons vot\u00e9 pour notre livre pr\u00e9f\u00e9r\u00e9.<\/p>\r\n\r\n\r\n\r\n<p>Ensuite, nous avons particip\u00e9 \u00e0 l\u2019<strong>exposition-jeu<\/strong>\u00a0<em>\u00ab\u00a0Dans mes livres, il y a&#8230;\u00a0\u00bb<\/em>\u00a0autour de l\u2019univers de l\u2019autrice et illustratrice\u00a0<strong>Corinne DREYFUSS<\/strong>.\u00a0<\/p>\r\n\r\n\r\n\r\n<p>Puis, nous avons assist\u00e9 au\u00a0<strong>spectacle <em>\u00ab\u00a0Comme le Vent dans les voiles\u00a0\u00bb<\/em>\u00a0<\/strong>de la compagnie NGC25.<\/p>\r\n\r\n\r\n\r\n<p>Une vid\u00e9o de pr\u00e9sentation de ce spectacle est disponible \u00e0 l\u2019adresse suivante\u00a0:<\/p>\r\n\r\n\r\n\r\n<p>\u00a0<a href=\"https:\/\/vimeo.com\/387434447\" target=\"_blank\" rel=\"noreferrer noopener\">https:\/\/vimeo.com\/387434447<\/a><\/p>\r\n\r\n\r\n\r\n<div class=\"wp-block-jetpack-slideshow aligncenter\" data-autoplay=\"true\" data-delay=\"3\" data-effect=\"slide\">\r\n<div class=\"wp-block-jetpack-slideshow_container swiper-container\">\r\n<ul class=\"wp-block-jetpack-slideshow_swiper-wrapper swiper-wrapper\">\r\n<li class=\"wp-block-jetpack-slideshow_slide swiper-slide\">\r\n<figure><img decoding=\"async\" class=\"wp-block-jetpack-slideshow_image wp-image-3976\" src=\"https:\/\/ecolesaintjeandemonts.fr\/wp-content\/uploads\/2023\/11\/F23C1E59-4FEA-4005-8D62-C062A62A3AAF_1_105_c-1.jpeg\" alt=\"\" data-id=\"3976\" \/><\/figure>\r\n<\/li>\r\n<li class=\"wp-block-jetpack-slideshow_slide swiper-slide\">\r\n<figure><img decoding=\"async\" class=\"wp-block-jetpack-slideshow_image wp-image-3977\" src=\"https:\/\/ecolesaintjeandemonts.fr\/wp-content\/uploads\/2023\/11\/IMG_5378-1.jpeg\" alt=\"\" data-id=\"3977\" \/><\/figure>\r\n<\/li>\r\n<li class=\"wp-block-jetpack-slideshow_slide swiper-slide\">\r\n<figure><img decoding=\"async\" class=\"wp-block-jetpack-slideshow_image wp-image-3978\" src=\"https:\/\/ecolesaintjeandemonts.fr\/wp-content\/uploads\/2023\/11\/IMG_5381-1.jpeg\" alt=\"\" data-id=\"3978\" \/><\/figure>\r\n<\/li>\r\n<li class=\"wp-block-jetpack-slideshow_slide swiper-slide\">\r\n<figure><img decoding=\"async\" class=\"wp-block-jetpack-slideshow_image wp-image-3979\" src=\"https:\/\/ecolesaintjeandemonts.fr\/wp-content\/uploads\/2023\/11\/IMG_5408-1.jpeg\" alt=\"\" data-id=\"3979\" \/><\/figure>\r\n<\/li>\r\n<li class=\"wp-block-jetpack-slideshow_slide swiper-slide\">\r\n<figure><img decoding=\"async\" class=\"wp-block-jetpack-slideshow_image wp-image-3980\" src=\"https:\/\/ecolesaintjeandemonts.fr\/wp-content\/uploads\/2023\/11\/IMG_5419-1.jpeg\" alt=\"\" data-id=\"3980\" \/><\/figure>\r\n<\/li>\r\n<li class=\"wp-block-jetpack-slideshow_slide swiper-slide\">\r\n<figure><img decoding=\"async\" class=\"wp-block-jetpack-slideshow_image wp-image-3981\" src=\"https:\/\/ecolesaintjeandemonts.fr\/wp-content\/uploads\/2023\/11\/IMG_5505-1.jpeg\" alt=\"\" data-id=\"3981\" \/><\/figure>\r\n<\/li>\r\n<\/ul>\r\n<div class=\"wp-block-jetpack-slideshow_pagination swiper-pagination swiper-pagination-white\">\u00a0<\/div>\r\n<\/div>\r\n<\/div>\r\n","protected":false},"excerpt":{"rendered":"<p>En octobre, les \u00e9l\u00e8ves de maternelle ont pu participer au parcours des \u00ab\u00a0Enfantines\u00a0\u00bb propos\u00e9 par la Communaut\u00e9 de Communes. Cette ann\u00e9e, le parcours avait pour th\u00e8me le mouvement et il&#8230;<\/p>\n","protected":false},"author":37,"featured_media":4190,"comment_status":"open","ping_status":"open","sticky":false,"template":"","format":"standard","meta":{"footnotes":""},"categories":[26],"tags":[],"class_list":["post-3966","post","type-post","status-publish","format-standard","has-post-thumbnail","hentry","category-2023-2024"],"_links":{"self":[{"href":"https:\/\/ecolestjean85160.fr\/index.php\/wp-json\/wp\/v2\/posts\/3966","targetHints":{"allow":["GET"]}}],"collection":[{"href":"https:\/\/ecolestjean85160.fr\/index.php\/wp-json\/wp\/v2\/posts"}],"about":[{"href":"https:\/\/ecolestjean85160.fr\/index.php\/wp-json\/wp\/v2\/types\/post"}],"author":[{"embeddable":true,"href":"https:\/\/ecolestjean85160.fr\/index.php\/wp-json\/wp\/v2\/users\/37"}],"replies":[{"embeddable":true,"href":"https:\/\/ecolestjean85160.fr\/index.php\/wp-json\/wp\/v2\/comments?post=3966"}],"version-history":[{"count":1,"href":"https:\/\/ecolestjean85160.fr\/index.php\/wp-json\/wp\/v2\/posts\/3966\/revisions"}],"predecessor-version":[{"id":4191,"href":"https:\/\/ecolestjean85160.fr\/index.php\/wp-json\/wp\/v2\/posts\/3966\/revisions\/4191"}],"wp:featuredmedia":[{"embeddable":true,"href":"https:\/\/ecolestjean85160.fr\/index.php\/wp-json\/wp\/v2\/media\/4190"}],"wp:attachment":[{"href":"https:\/\/ecolestjean85160.fr\/index.php\/wp-json\/wp\/v2\/media?parent=3966"}],"wp:term":[{"taxonomy":"category","embeddable":true,"href":"https:\/\/ecolestjean85160.fr\/index.php\/wp-json\/wp\/v2\/categories?post=3966"},{"taxonomy":"post_tag","embeddable":true,"href":"https:\/\/ecolestjean85160.fr\/index.php\/wp-json\/wp\/v2\/tags?post=3966"}],"curies":[{"name":"wp","href":"https:\/\/api.w.org\/{rel}","templated":true}]}}