{"id":3835,"date":"2023-09-08T16:30:00","date_gmt":"2023-09-08T14:30:00","guid":{"rendered":"https:\/\/ecolesaintjeandemonts.fr\/?p=3835"},"modified":"2024-03-28T15:10:20","modified_gmt":"2024-03-28T14:10:20","slug":"gouter-de-rentree-2","status":"publish","type":"post","link":"https:\/\/ecolestjean85160.fr\/index.php\/2023\/09\/08\/gouter-de-rentree-2\/","title":{"rendered":"Go\u00fbter de rentr\u00e9e"},"content":{"rendered":"\n<p>Ce <mark style=\"background-color:rgba(0, 0, 0, 0)\" class=\"has-inline-color has-color-8-color\">vendredi 8 septembre<\/mark>, enfants, parents, enseignants et personnels de l\u2019\u00e9cole \u00e9taient heureux de se retrouver pour partager le go\u00fbter de rentr\u00e9e sur la cour des maternelles. Merci aux membres de l\u2019APEL pour ce bon moment\u00a0! N\u2019h\u00e9sitez pas \u00e0 venir les rejoindre lors de leur prochaine r\u00e9union le 19 septembre\u2026<\/p>\n\n\n\n<figure class=\"wp-block-image size-full\"><img decoding=\"async\" src=\"https:\/\/ecolesaintjeandemonts.fr\/wp-content\/uploads\/2023\/09\/20230908_163453.jpg\" alt=\"\" class=\"wp-image-3837\"\/><\/figure>\n\n\n\n<figure class=\"wp-block-image size-full\"><img decoding=\"async\" src=\"https:\/\/ecolesaintjeandemonts.fr\/wp-content\/uploads\/2023\/09\/PXL_20230908_143459749.jpg\" alt=\"\" class=\"wp-image-3838\"\/><\/figure>\n\n\n\n<figure class=\"wp-block-image size-full\"><img decoding=\"async\" src=\"https:\/\/ecolesaintjeandemonts.fr\/wp-content\/uploads\/2023\/09\/PXL_20230908_143527379-1.jpg\" alt=\"\" class=\"wp-image-3840\"\/><\/figure>\n","protected":false},"excerpt":{"rendered":"<p>Ce vendredi 8 septembre, enfants, parents, enseignants et personnels de l\u2019\u00e9cole \u00e9taient heureux de se retrouver pour partager le go\u00fbter de rentr\u00e9e sur la cour des maternelles. Merci aux membres&#8230;<\/p>\n","protected":false},"author":37,"featured_media":3837,"comment_status":"closed","ping_status":"closed","sticky":false,"template":"","format":"standard","meta":{"footnotes":""},"categories":[26],"tags":[],"class_list":["post-3835","post","type-post","status-publish","format-standard","has-post-thumbnail","hentry","category-2023-2024"],"_links":{"self":[{"href":"https:\/\/ecolestjean85160.fr\/index.php\/wp-json\/wp\/v2\/posts\/3835","targetHints":{"allow":["GET"]}}],"collection":[{"href":"https:\/\/ecolestjean85160.fr\/index.php\/wp-json\/wp\/v2\/posts"}],"about":[{"href":"https:\/\/ecolestjean85160.fr\/index.php\/wp-json\/wp\/v2\/types\/post"}],"author":[{"embeddable":true,"href":"https:\/\/ecolestjean85160.fr\/index.php\/wp-json\/wp\/v2\/users\/37"}],"replies":[{"embeddable":true,"href":"https:\/\/ecolestjean85160.fr\/index.php\/wp-json\/wp\/v2\/comments?post=3835"}],"version-history":[{"count":2,"href":"https:\/\/ecolestjean85160.fr\/index.php\/wp-json\/wp\/v2\/posts\/3835\/revisions"}],"predecessor-version":[{"id":4718,"href":"https:\/\/ecolestjean85160.fr\/index.php\/wp-json\/wp\/v2\/posts\/3835\/revisions\/4718"}],"wp:featuredmedia":[{"embeddable":true,"href":"https:\/\/ecolestjean85160.fr\/index.php\/wp-json\/wp\/v2\/media\/3837"}],"wp:attachment":[{"href":"https:\/\/ecolestjean85160.fr\/index.php\/wp-json\/wp\/v2\/media?parent=3835"}],"wp:term":[{"taxonomy":"category","embeddable":true,"href":"https:\/\/ecolestjean85160.fr\/index.php\/wp-json\/wp\/v2\/categories?post=3835"},{"taxonomy":"post_tag","embeddable":true,"href":"https:\/\/ecolestjean85160.fr\/index.php\/wp-json\/wp\/v2\/tags?post=3835"}],"curies":[{"name":"wp","href":"https:\/\/api.w.org\/{rel}","templated":true}]}}