{"id":3540,"date":"2023-03-18T16:39:55","date_gmt":"2023-03-18T15:39:55","guid":{"rendered":"https:\/\/ecolesaintjeandemonts.fr\/?p=3540"},"modified":"2023-03-18T16:39:55","modified_gmt":"2023-03-18T15:39:55","slug":"projet-oeil-monde-2023","status":"publish","type":"post","link":"https:\/\/ecolestjean85160.fr\/index.php\/2023\/03\/18\/projet-oeil-monde-2023\/","title":{"rendered":"Projet l&rsquo;oeil du monde"},"content":{"rendered":"<div id=\"cmsmasters_row_\" class=\"cmsmasters_row cmsmasters_color_scheme_default cmsmasters_row_top_default cmsmasters_row_bot_default cmsmasters_row_boxed\">\n<div class=\"cmsmasters_row_outer_parent\">\n<div class=\"cmsmasters_row_outer\">\n<div class=\"cmsmasters_row_inner\">\n<div class=\"cmsmasters_row_margin\">\n<div id=\"cmsmasters_column_\" class=\"cmsmasters_column one_first\">\n<div class=\"cmsmasters_column_inner\"><div class=\"cmsmasters_text\">\n<p>Depuis le mois de d\u00e9cembre, la classe de CE2 a d\u00e9but\u00e9 un\u00a0<strong>projet litt\u00e9raire, artistique et culturel<\/strong>\u00a0avec la complicit\u00e9 de la communaut\u00e9 de communes oc\u00e9an Marais de monts\u00a0:\u00a0l\u2019\u0153il du monde.<\/p>\n<p>Ce projet s\u2019\u00e9tend sur toute la r\u00e9gion des Pays de Loire. Il s\u2019agit d\u2019un partenariat entre les biblioth\u00e8ques et des maisons d\u2019\u00e9dition du monde entier. Pour notre part nous travaillons avec une maison d\u2019\u00e9dition tch\u00e8que\u00a0:\u00a0<strong>Baobab<\/strong>. C\u2019est pourquoi nous avons pu lire des albums en tch\u00e8que, d\u00e9couvrir et nous essayer aux pratiques artistiques des illustrations tch\u00e8ques ( couture, linogravure, d\u00e9coupage, collage\u2026). Nous avons \u00e9galement eu la chance de rencontrer\u00a0<strong>Tereza\u00a0de l\u2019association Franco tch\u00e8que de Nantes<\/strong>. Elle nous a appris \u00e0 parler tch\u00e8que et nous a fait d\u00e9couvrir son pays \u00e0 travers un diaporama.<\/p>\n<p>Ce projet tr\u00e8s enrichissant se cl\u00f4turera par une\u00a0visite\u00a0de l\u2019exposition l\u2019\u0153il du monde \u00e0 Nantes le 13 avril.<\/p>\n<p>Merci \u00e0 tous les intervenants\u00a0!<\/p>\n<\/div>\n<\/div><\/div>\n<\/div>\n<\/div>\n<\/div>\n<\/div>\n<\/div>\n<div id=\"cmsmasters_row_spke51b6z\" class=\"cmsmasters_row cmsmasters_color_scheme_default cmsmasters_row_top_default cmsmasters_row_bot_default cmsmasters_row_boxed\">\n<div class=\"cmsmasters_row_outer_parent\">\n<div class=\"cmsmasters_row_outer\">\n<div class=\"cmsmasters_row_inner\">\n<div class=\"cmsmasters_row_margin\">\n<div id=\"cmsmasters_column_te3q2qp7c3\" class=\"cmsmasters_column one_first\">\n<div class=\"cmsmasters_column_inner\"><div id=\"cmsmasters_hover_slider_5fet9hjk2r\" class=\"cmsmasters_hover_slider\" data-thumb-width=\"100\" data-thumb-height=\"60\" data-active-slide=\"1\" data-pause-time=\"5000\" data-pause-on-hover=\"true\"><ul class=\"cmsmasters_hover_slider_items\">\n<li><figure class=\"cmsmasters_hover_slider_full_img\"><img loading=\"lazy\" decoding=\"async\" width=\"713\" height=\"535\" src=\"https:\/\/ecolestjean85160.fr\/wp-content\/uploads\/2023\/03\/oeil0001.jpg\" class=\"attachment-post-thumbnail size-post-thumbnail\" alt=\"\" srcset=\"https:\/\/ecolestjean85160.fr\/wp-content\/uploads\/2023\/03\/oeil0001.jpg 999w, https:\/\/ecolestjean85160.fr\/wp-content\/uploads\/2023\/03\/oeil0001-122x92.jpg 122w, https:\/\/ecolestjean85160.fr\/wp-content\/uploads\/2023\/03\/oeil0001-600x450.jpg 600w, https:\/\/ecolestjean85160.fr\/wp-content\/uploads\/2023\/03\/oeil0001-300x225.jpg 300w, https:\/\/ecolestjean85160.fr\/wp-content\/uploads\/2023\/03\/oeil0001-768x577.jpg 768w\" sizes=\"auto, (max-width: 713px) 100vw, 713px\" \/><\/figure><\/li><li><figure class=\"cmsmasters_hover_slider_full_img\"><img loading=\"lazy\" decoding=\"async\" width=\"713\" height=\"535\" src=\"https:\/\/ecolestjean85160.fr\/wp-content\/uploads\/2023\/03\/oeil0006.jpg\" class=\"attachment-post-thumbnail size-post-thumbnail\" alt=\"\" srcset=\"https:\/\/ecolestjean85160.fr\/wp-content\/uploads\/2023\/03\/oeil0006.jpg 999w, https:\/\/ecolestjean85160.fr\/wp-content\/uploads\/2023\/03\/oeil0006-122x92.jpg 122w, https:\/\/ecolestjean85160.fr\/wp-content\/uploads\/2023\/03\/oeil0006-600x450.jpg 600w, https:\/\/ecolestjean85160.fr\/wp-content\/uploads\/2023\/03\/oeil0006-300x225.jpg 300w, https:\/\/ecolestjean85160.fr\/wp-content\/uploads\/2023\/03\/oeil0006-768x577.jpg 768w\" sizes=\"auto, (max-width: 713px) 100vw, 713px\" \/><\/figure><\/li><li><figure class=\"cmsmasters_hover_slider_full_img\"><img loading=\"lazy\" decoding=\"async\" width=\"713\" height=\"535\" src=\"https:\/\/ecolestjean85160.fr\/wp-content\/uploads\/2023\/03\/oeil0005.jpg\" class=\"attachment-post-thumbnail size-post-thumbnail\" alt=\"\" srcset=\"https:\/\/ecolestjean85160.fr\/wp-content\/uploads\/2023\/03\/oeil0005.jpg 999w, https:\/\/ecolestjean85160.fr\/wp-content\/uploads\/2023\/03\/oeil0005-122x92.jpg 122w, https:\/\/ecolestjean85160.fr\/wp-content\/uploads\/2023\/03\/oeil0005-600x450.jpg 600w, https:\/\/ecolestjean85160.fr\/wp-content\/uploads\/2023\/03\/oeil0005-300x225.jpg 300w, https:\/\/ecolestjean85160.fr\/wp-content\/uploads\/2023\/03\/oeil0005-768x577.jpg 768w\" sizes=\"auto, (max-width: 713px) 100vw, 713px\" \/><\/figure><\/li><li><figure class=\"cmsmasters_hover_slider_full_img\"><img loading=\"lazy\" decoding=\"async\" width=\"713\" height=\"535\" src=\"https:\/\/ecolestjean85160.fr\/wp-content\/uploads\/2023\/03\/oeil0004.jpg\" class=\"attachment-post-thumbnail size-post-thumbnail\" alt=\"\" srcset=\"https:\/\/ecolestjean85160.fr\/wp-content\/uploads\/2023\/03\/oeil0004.jpg 999w, https:\/\/ecolestjean85160.fr\/wp-content\/uploads\/2023\/03\/oeil0004-122x92.jpg 122w, https:\/\/ecolestjean85160.fr\/wp-content\/uploads\/2023\/03\/oeil0004-600x450.jpg 600w, https:\/\/ecolestjean85160.fr\/wp-content\/uploads\/2023\/03\/oeil0004-300x225.jpg 300w, https:\/\/ecolestjean85160.fr\/wp-content\/uploads\/2023\/03\/oeil0004-768x577.jpg 768w\" sizes=\"auto, (max-width: 713px) 100vw, 713px\" \/><\/figure><\/li><li><figure class=\"cmsmasters_hover_slider_full_img\"><img loading=\"lazy\" decoding=\"async\" width=\"713\" height=\"535\" src=\"https:\/\/ecolestjean85160.fr\/wp-content\/uploads\/2023\/03\/oeil0003.jpg\" class=\"attachment-post-thumbnail size-post-thumbnail\" alt=\"\" srcset=\"https:\/\/ecolestjean85160.fr\/wp-content\/uploads\/2023\/03\/oeil0003.jpg 999w, https:\/\/ecolestjean85160.fr\/wp-content\/uploads\/2023\/03\/oeil0003-122x92.jpg 122w, https:\/\/ecolestjean85160.fr\/wp-content\/uploads\/2023\/03\/oeil0003-600x450.jpg 600w, https:\/\/ecolestjean85160.fr\/wp-content\/uploads\/2023\/03\/oeil0003-300x225.jpg 300w, https:\/\/ecolestjean85160.fr\/wp-content\/uploads\/2023\/03\/oeil0003-768x577.jpg 768w\" sizes=\"auto, (max-width: 713px) 100vw, 713px\" \/><\/figure><\/li><li><figure class=\"cmsmasters_hover_slider_full_img\"><img loading=\"lazy\" decoding=\"async\" width=\"713\" height=\"535\" src=\"https:\/\/ecolestjean85160.fr\/wp-content\/uploads\/2023\/03\/oeil0002.jpg\" class=\"attachment-post-thumbnail size-post-thumbnail\" alt=\"\" srcset=\"https:\/\/ecolestjean85160.fr\/wp-content\/uploads\/2023\/03\/oeil0002.jpg 999w, https:\/\/ecolestjean85160.fr\/wp-content\/uploads\/2023\/03\/oeil0002-122x92.jpg 122w, https:\/\/ecolestjean85160.fr\/wp-content\/uploads\/2023\/03\/oeil0002-600x450.jpg 600w, https:\/\/ecolestjean85160.fr\/wp-content\/uploads\/2023\/03\/oeil0002-300x225.jpg 300w, https:\/\/ecolestjean85160.fr\/wp-content\/uploads\/2023\/03\/oeil0002-768x577.jpg 768w\" sizes=\"auto, (max-width: 713px) 100vw, 713px\" \/><\/figure><\/li><\/ul>\n<\/div>\n<\/div><\/div>\n<\/div>\n<\/div>\n<\/div>\n<\/div>\n<\/div>\n\n","protected":false},"excerpt":{"rendered":"<p>Retour de la Kermesse apr\u00e8s deux ann\u00e9es difficiles<\/p>\n","protected":false},"author":2,"featured_media":3543,"comment_status":"open","ping_status":"open","sticky":false,"template":"","format":"gallery","meta":{"footnotes":""},"categories":[25,4],"tags":[],"class_list":["post-3540","post","type-post","status-publish","format-gallery","has-post-thumbnail","hentry","category-2022-2023","category-activites-par-annee","post_format-post-format-gallery"],"_links":{"self":[{"href":"https:\/\/ecolestjean85160.fr\/index.php\/wp-json\/wp\/v2\/posts\/3540","targetHints":{"allow":["GET"]}}],"collection":[{"href":"https:\/\/ecolestjean85160.fr\/index.php\/wp-json\/wp\/v2\/posts"}],"about":[{"href":"https:\/\/ecolestjean85160.fr\/index.php\/wp-json\/wp\/v2\/types\/post"}],"author":[{"embeddable":true,"href":"https:\/\/ecolestjean85160.fr\/index.php\/wp-json\/wp\/v2\/users\/2"}],"replies":[{"embeddable":true,"href":"https:\/\/ecolestjean85160.fr\/index.php\/wp-json\/wp\/v2\/comments?post=3540"}],"version-history":[{"count":0,"href":"https:\/\/ecolestjean85160.fr\/index.php\/wp-json\/wp\/v2\/posts\/3540\/revisions"}],"wp:featuredmedia":[{"embeddable":true,"href":"https:\/\/ecolestjean85160.fr\/index.php\/wp-json\/wp\/v2\/media\/3543"}],"wp:attachment":[{"href":"https:\/\/ecolestjean85160.fr\/index.php\/wp-json\/wp\/v2\/media?parent=3540"}],"wp:term":[{"taxonomy":"category","embeddable":true,"href":"https:\/\/ecolestjean85160.fr\/index.php\/wp-json\/wp\/v2\/categories?post=3540"},{"taxonomy":"post_tag","embeddable":true,"href":"https:\/\/ecolestjean85160.fr\/index.php\/wp-json\/wp\/v2\/tags?post=3540"}],"curies":[{"name":"wp","href":"https:\/\/api.w.org\/{rel}","templated":true}]}}