{"id":2974,"date":"2022-08-04T17:22:12","date_gmt":"2022-08-04T15:22:12","guid":{"rendered":"https:\/\/ecolesaintjeandemonts.fr\/?p=2974"},"modified":"2024-08-24T15:51:20","modified_gmt":"2024-08-24T13:51:20","slug":"la-rentree-2022-2023","status":"publish","type":"post","link":"https:\/\/ecolestjean85160.fr\/index.php\/2022\/08\/04\/la-rentree-2022-2023\/","title":{"rendered":"La rentr\u00e9e 2022-2023"},"content":{"rendered":"<div id=\"cmsmasters_row_\" class=\"cmsmasters_row cmsmasters_color_scheme_default cmsmasters_row_top_default cmsmasters_row_bot_default cmsmasters_row_boxed\">\n<div class=\"cmsmasters_row_outer_parent\">\n<div class=\"cmsmasters_row_outer\">\n<div class=\"cmsmasters_row_inner\">\n<div class=\"cmsmasters_row_margin\">\n<div id=\"cmsmasters_column_\" class=\"cmsmasters_column one_first\">\n<div class=\"cmsmasters_column_inner\"><div class=\"cmsmasters_text\">\n<p><strong>2022-2023<\/strong><\/p>\n<p><em>***&nbsp;Semaine des 4 jours&nbsp;avec classe les lundis, mardis, jeudis et vendredis<\/em><\/p>\n<p>Le d\u00e9part a lieu apr\u00e8s la classe, la reprise des cours a lieu le matin des jours indiqu\u00e9s.<\/p>\n<p><strong>Rentr\u00e9e des \u00e9l\u00e8ves&nbsp;:&nbsp;Jeudi&nbsp;1er Septembre 2022<\/strong><\/p>\n<ul>\n<li><strong>Toussaint<\/strong>\n<ul>\n<li>Du vendredi 22 octobre 2022 au lundi 7 novembre<\/li>\n<\/ul>\n<\/li>\n<li><strong style=\"font-family: -apple-system, BlinkMacSystemFont, 'Segoe UI', Roboto, Oxygen-Sans, Ubuntu, Cantarell, 'Helvetica Neue', sans-serif;\">No\u00ebl<\/strong>\n<ul>\n<li>Du vendredi 16 d\u00e9cembre au <strong style=\"font-family: -apple-system, BlinkMacSystemFont, 'Segoe UI', Roboto, Oxygen-Sans, Ubuntu, Cantarell, 'Helvetica Neue', sans-serif;\">mardi&nbsp;<\/strong><span style=\"font-family: -apple-system, BlinkMacSystemFont, 'Segoe UI', Roboto, Oxygen-Sans, Ubuntu, Cantarell, 'Helvetica Neue', sans-serif;\">3 janvier&nbsp;<\/span><strong style=\"font-family: -apple-system, BlinkMacSystemFont, 'Segoe UI', Roboto, Oxygen-Sans, Ubuntu, Cantarell, 'Helvetica Neue', sans-serif;\">2023<\/strong><\/li>\n<\/ul>\n<\/li>\n<li><strong style=\"font-family: -apple-system, BlinkMacSystemFont, 'Segoe UI', Roboto, Oxygen-Sans, Ubuntu, Cantarell, 'Helvetica Neue', sans-serif;\">Hiver<\/strong>\n<ul>\n<li>Du vendredi 10 f\u00e9vrier au lundi 27 f\u00e9vrier <strong style=\"font-family: -apple-system, BlinkMacSystemFont, 'Segoe UI', Roboto, Oxygen-Sans, Ubuntu, Cantarell, 'Helvetica Neue', sans-serif;\">2023<\/strong><\/li>\n<\/ul>\n<\/li>\n<li><strong style=\"font-family: -apple-system, BlinkMacSystemFont, 'Segoe UI', Roboto, Oxygen-Sans, Ubuntu, Cantarell, 'Helvetica Neue', sans-serif;\">Printemps<\/strong>\n<ul>\n<li>Du vendredi 14 avril au <strong style=\"font-family: -apple-system, BlinkMacSystemFont, 'Segoe UI', Roboto, Oxygen-Sans, Ubuntu, Cantarell, 'Helvetica Neue', sans-serif;\">mardi&nbsp;<\/strong><span style=\"font-family: -apple-system, BlinkMacSystemFont, 'Segoe UI', Roboto, Oxygen-Sans, Ubuntu, Cantarell, 'Helvetica Neue', sans-serif;\">2 mai&nbsp;<\/span><strong style=\"font-family: -apple-system, BlinkMacSystemFont, 'Segoe UI', Roboto, Oxygen-Sans, Ubuntu, Cantarell, 'Helvetica Neue', sans-serif;\">2023<\/strong><\/li>\n<\/ul>\n<\/li>\n<li><strong style=\"font-family: -apple-system, BlinkMacSystemFont, 'Segoe UI', Roboto, Oxygen-Sans, Ubuntu, Cantarell, 'Helvetica Neue', sans-serif;\">Pont de l\u2019Ascension<\/strong>\n<ul>\n<li>Pas de classe le vendredi 19 mai<\/li>\n<\/ul>\n<\/li>\n<li><strong style=\"font-family: -apple-system, BlinkMacSystemFont, 'Segoe UI', Roboto, Oxygen-Sans, Ubuntu, Cantarell, 'Helvetica Neue', sans-serif;\">Et\u00e9 2023<\/strong>\n<ul>\n<li><strong style=\"font-family: -apple-system, BlinkMacSystemFont, 'Segoe UI', Roboto, Oxygen-Sans, Ubuntu, Cantarell, 'Helvetica Neue', sans-serif;\">Vendredi 7 juillet&nbsp;2023&nbsp;apr\u00e8s la classe<\/strong><\/li>\n<\/ul>\n<\/li>\n<\/ul>\n<\/div>\n<\/div><\/div>\n<\/div>\n<\/div>\n<\/div>\n<\/div>\n<\/div>\n\n","protected":false},"excerpt":{"rendered":"<p>Pour une bonne rentr\u00e9e scolaire&#8230;<\/p>\n","protected":false},"author":2,"featured_media":2995,"comment_status":"open","ping_status":"open","sticky":false,"template":"","format":"standard","meta":{"footnotes":""},"categories":[25,21],"tags":[],"class_list":["post-2974","post","type-post","status-publish","format-standard","has-post-thumbnail","hentry","category-2022-2023","category-rentree"],"_links":{"self":[{"href":"https:\/\/ecolestjean85160.fr\/index.php\/wp-json\/wp\/v2\/posts\/2974","targetHints":{"allow":["GET"]}}],"collection":[{"href":"https:\/\/ecolestjean85160.fr\/index.php\/wp-json\/wp\/v2\/posts"}],"about":[{"href":"https:\/\/ecolestjean85160.fr\/index.php\/wp-json\/wp\/v2\/types\/post"}],"author":[{"embeddable":true,"href":"https:\/\/ecolestjean85160.fr\/index.php\/wp-json\/wp\/v2\/users\/2"}],"replies":[{"embeddable":true,"href":"https:\/\/ecolestjean85160.fr\/index.php\/wp-json\/wp\/v2\/comments?post=2974"}],"version-history":[{"count":1,"href":"https:\/\/ecolestjean85160.fr\/index.php\/wp-json\/wp\/v2\/posts\/2974\/revisions"}],"predecessor-version":[{"id":5075,"href":"https:\/\/ecolestjean85160.fr\/index.php\/wp-json\/wp\/v2\/posts\/2974\/revisions\/5075"}],"wp:featuredmedia":[{"embeddable":true,"href":"https:\/\/ecolestjean85160.fr\/index.php\/wp-json\/wp\/v2\/media\/2995"}],"wp:attachment":[{"href":"https:\/\/ecolestjean85160.fr\/index.php\/wp-json\/wp\/v2\/media?parent=2974"}],"wp:term":[{"taxonomy":"category","embeddable":true,"href":"https:\/\/ecolestjean85160.fr\/index.php\/wp-json\/wp\/v2\/categories?post=2974"},{"taxonomy":"post_tag","embeddable":true,"href":"https:\/\/ecolestjean85160.fr\/index.php\/wp-json\/wp\/v2\/tags?post=2974"}],"curies":[{"name":"wp","href":"https:\/\/api.w.org\/{rel}","templated":true}]}}